{"id":1330,"date":"2018-10-02T12:01:30","date_gmt":"2018-10-02T10:01:30","guid":{"rendered":"https:\/\/neustadt-art-festival.de\/?p=1330"},"modified":"2018-10-02T12:01:30","modified_gmt":"2018-10-02T10:01:30","slug":"danke-an-alle-fuer-dieses-schoene-festival-2","status":"publish","type":"post","link":"https:\/\/neustadt-art-festival.de\/en\/danke-an-alle-fuer-dieses-schoene-festival-2\/","title":{"rendered":"Danke an alle f\u00fcr dieses sch\u00f6ne Festival"},"content":{"rendered":"<p>Liebe Menschen,<\/p>\n<p>wir bedanken uns bei allen, die dieses Festival zu dem gemacht haben, was es ist. Wir haben viel positives Feedback erhalten \u00fcber die verschiedenen Orte und das Gef\u00fchl, dass das NAF nun eine feste Gr\u00f6\u00dfe in der Neustadt ist. Das Programm ist bunt und vielf\u00e4ltig.<\/p>\n<p>F\u00fcr uns als Organisatoren hat nun die Nachbereitung begonnen, das hei\u00dft Fotos auswerten, Webseite archivieren, Berichte einholen und schreiben, F\u00f6rdermittel abrechnen, Rechnungen und Erstattungen sammeln und bezahlen &#8211; all dieser Kram, der das Festival im Hintergrund m\u00f6glich macht.<\/p>\n<p>Nach dem Festival ist ja nun auch vor dem Festival. Denn die F\u00f6rderantr\u00e4ge f\u00fcr 2019 sind bereits gestellt, das Datum steht auch schon: der 27. bis 29. September 2019. Wer sich einbringen m\u00f6chte in die Organisation f\u00fcr 2019 halte sich ab Januar f\u00fcr die ersten Orga-Treffen bereit. Die Ank\u00fcndigungen dazu erfolgen wie gewohnt auf dem <a href=\"https:\/\/lists.riseup.net\/www\/info\/prisniwelle\">Verteiler<\/a>, der <a href=\"https:\/\/naf.li\">Webseite<\/a> und <a href=\"https:\/\/facebook.com\/NeustadtArtFestival\">Facebook<\/a>.<\/p>\n<p>Einen sonnigen Dienstag euch,<br \/>\nJan<br \/>\nf\u00fcr das <a href=\"https:\/\/neustadt-art-festival.de\/contact\/\">Orga-Team<\/a><\/p>\n","protected":false},"excerpt":{"rendered":"<p>Liebe Menschen, wir bedanken uns bei allen, die dieses Festival zu dem gemacht haben, was es ist. Wir haben viel positives Feedback erhalten \u00fcber die verschiedenen Orte und das Gef\u00fchl, dass das NAF nun eine feste Gr\u00f6\u00dfe in der Neustadt ist. Das Programm ist bunt und vielf\u00e4ltig. F\u00fcr uns als Organisatoren hat nun die Nachbereitung [&hellip;]<\/p>\n","protected":false},"author":6,"featured_media":1331,"comment_status":"open","ping_status":"open","sticky":false,"template":"","format":"standard","meta":{"footnotes":""},"categories":[1],"tags":[],"class_list":["post-1330","post","type-post","status-publish","format-standard","has-post-thumbnail","hentry","category-news"],"_links":{"self":[{"href":"https:\/\/neustadt-art-festival.de\/en\/wp-json\/wp\/v2\/posts\/1330","targetHints":{"allow":["GET"]}}],"collection":[{"href":"https:\/\/neustadt-art-festival.de\/en\/wp-json\/wp\/v2\/posts"}],"about":[{"href":"https:\/\/neustadt-art-festival.de\/en\/wp-json\/wp\/v2\/types\/post"}],"author":[{"embeddable":true,"href":"https:\/\/neustadt-art-festival.de\/en\/wp-json\/wp\/v2\/users\/6"}],"replies":[{"embeddable":true,"href":"https:\/\/neustadt-art-festival.de\/en\/wp-json\/wp\/v2\/comments?post=1330"}],"version-history":[{"count":1,"href":"https:\/\/neustadt-art-festival.de\/en\/wp-json\/wp\/v2\/posts\/1330\/revisions"}],"predecessor-version":[{"id":1332,"href":"https:\/\/neustadt-art-festival.de\/en\/wp-json\/wp\/v2\/posts\/1330\/revisions\/1332"}],"wp:featuredmedia":[{"embeddable":true,"href":"https:\/\/neustadt-art-festival.de\/en\/wp-json\/wp\/v2\/media\/1331"}],"wp:attachment":[{"href":"https:\/\/neustadt-art-festival.de\/en\/wp-json\/wp\/v2\/media?parent=1330"}],"wp:term":[{"taxonomy":"category","embeddable":true,"href":"https:\/\/neustadt-art-festival.de\/en\/wp-json\/wp\/v2\/categories?post=1330"},{"taxonomy":"post_tag","embeddable":true,"href":"https:\/\/neustadt-art-festival.de\/en\/wp-json\/wp\/v2\/tags?post=1330"}],"curies":[{"name":"wp","href":"https:\/\/api.w.org\/{rel}","templated":true}]}}