{"id":543,"date":"2017-01-16T17:16:53","date_gmt":"2017-01-16T16:16:53","guid":{"rendered":"https:\/\/neustadt-art-festival.de\/?p=543"},"modified":"2017-01-18T19:52:15","modified_gmt":"2017-01-18T18:52:15","slug":"protokoll-vom-treffen-am-11-januar","status":"publish","type":"post","link":"https:\/\/neustadt-art-festival.de\/en\/protokoll-vom-treffen-am-11-januar\/","title":{"rendered":"Protokoll vom Treffen am 11. Januar"},"content":{"rendered":"<p>Ein \u00dcberblick \u00fcber die besprochenen Dinge beim letzten Treffen.<\/p>\n<ul>\n<li>Das Datum f\u00fcr das diesj\u00e4hrige NAF ist der <strong>22. bis 24. September<\/strong>.<\/li>\n<li>Das n\u00e4chste Treffen wird Mitte\/Ende Februar an einem Donnerstag sein.<\/li>\n<li>Sobald das Datum feststeht, folgt die Info \u00fcber den Verteiler.<\/li>\n<li>Es werden noch Menschen gesucht, die schon mal von WordPress geh\u00f6rt<br \/>\nhaben, und dementsprechend die Webseite mit Inhalten bef\u00fcllen. Bei<br \/>\nInteresse bitte bei <a href=\"mailto:jan@kultur-sucht-raum.de\">jan@kultur-sucht-raum.de<\/a> melden.<\/li>\n<li>Die Crowdfunding-Dankesch\u00f6ns werden jetzt flei\u00dfig verteilt und sollten<br \/>\nbis Ende Februar alle ausgeliefert sein.<\/li>\n<li>Wir wollen dieses Jahr die Webseite und Druckerzeugnisse zus\u00e4tzlich in<br \/>\nArabisch und Englisch herausgeben und nehmen deshalb Kontakt zur<br \/>\nKatharinenstra\u00dfe 9 auf.<\/li>\n<li>Um f\u00fcr dieses Jahr StreetArt-W\u00e4nde bereitstellen zu k\u00f6nnen, fragen wir<br \/>\nbereits jetzt bei der Stesad an. Wer Ideen zu freien W\u00e4nden hat, wende<br \/>\nsich bitte an <a href=\"mailto:thomasschreiter@web.de\">thomasschreiter@web.de<\/a>.<\/li>\n<li>Um das NAF in ganz Dresden etwas bekannter zu machen, soll es eine<br \/>\nallgemeine Info-Postkarte geben, die K\u00fcnstler*innen auf ihren eigenen<br \/>\nVeranstaltungen mit auslegen k\u00f6nnen und zus\u00e4tzlich an den Unis verteilt<br \/>\nwerden wird.<\/li>\n<\/ul>\n","protected":false},"excerpt":{"rendered":"<p>Ein \u00dcberblick \u00fcber die besprochenen Dinge beim letzten Treffen. Das Datum f\u00fcr das diesj\u00e4hrige NAF ist der 22. bis 24. September. Das n\u00e4chste Treffen wird Mitte\/Ende Februar an einem Donnerstag sein. Sobald das Datum feststeht, folgt die Info \u00fcber den Verteiler. Es werden noch Menschen gesucht, die schon mal von WordPress geh\u00f6rt haben, und dementsprechend [&hellip;]<\/p>\n","protected":false},"author":6,"featured_media":0,"comment_status":"open","ping_status":"open","sticky":false,"template":"","format":"standard","meta":{"footnotes":""},"categories":[1],"tags":[],"class_list":["post-543","post","type-post","status-publish","format-standard","hentry","category-news"],"_links":{"self":[{"href":"https:\/\/neustadt-art-festival.de\/en\/wp-json\/wp\/v2\/posts\/543","targetHints":{"allow":["GET"]}}],"collection":[{"href":"https:\/\/neustadt-art-festival.de\/en\/wp-json\/wp\/v2\/posts"}],"about":[{"href":"https:\/\/neustadt-art-festival.de\/en\/wp-json\/wp\/v2\/types\/post"}],"author":[{"embeddable":true,"href":"https:\/\/neustadt-art-festival.de\/en\/wp-json\/wp\/v2\/users\/6"}],"replies":[{"embeddable":true,"href":"https:\/\/neustadt-art-festival.de\/en\/wp-json\/wp\/v2\/comments?post=543"}],"version-history":[{"count":1,"href":"https:\/\/neustadt-art-festival.de\/en\/wp-json\/wp\/v2\/posts\/543\/revisions"}],"predecessor-version":[{"id":544,"href":"https:\/\/neustadt-art-festival.de\/en\/wp-json\/wp\/v2\/posts\/543\/revisions\/544"}],"wp:attachment":[{"href":"https:\/\/neustadt-art-festival.de\/en\/wp-json\/wp\/v2\/media?parent=543"}],"wp:term":[{"taxonomy":"category","embeddable":true,"href":"https:\/\/neustadt-art-festival.de\/en\/wp-json\/wp\/v2\/categories?post=543"},{"taxonomy":"post_tag","embeddable":true,"href":"https:\/\/neustadt-art-festival.de\/en\/wp-json\/wp\/v2\/tags?post=543"}],"curies":[{"name":"wp","href":"https:\/\/api.w.org\/{rel}","templated":true}]}}