{"id":572,"date":"2017-08-15T15:54:27","date_gmt":"2017-08-15T13:54:27","guid":{"rendered":"https:\/\/neustadt-art-festival.de\/?p=572"},"modified":"2017-08-15T15:59:34","modified_gmt":"2017-08-15T13:59:34","slug":"protokoll-vom-13-august","status":"publish","type":"post","link":"https:\/\/neustadt-art-festival.de\/en\/protokoll-vom-13-august\/","title":{"rendered":"Protokoll vom 13. August"},"content":{"rendered":"<h3>Zweites Programmtreffen<\/h3>\n<p>Ein zweites Programmtreffen ist f\u00fcr <strong>Dienstag, den 29. August<\/strong>, um <strong>20 Uhr<\/strong> im <strong><a href=\"https:\/\/interrobang.pod15.de\/\">Interrobang<\/a> (Kamenzer Stra\u00dfe 15)<\/strong> geplant.<\/p>\n<h3>Redaktionsschluss Programmheft<\/h3>\n<p>Der Redaktionsschluss f\u00fcr das gedruckte Programmheft ist der <strong>1. September<\/strong>! Veranstaltungen und Orte, die sp\u00e4ter dazusto\u00dfen, werden nat\u00fcrlich noch auf der Webseite und in der NAF-App zu finden sein.<\/p>\n<h3>Orte, die noch K\u00fcnstler*innen suchen<\/h3>\n<p>F\u00fcr die Kontaktdaten zu den einzelnen Orten schreibt an <a href=\"mailto:programm@neustadt-art-festival.de\">programm@neustadt-art-festival.de<\/a>.<\/p>\n<p><strong>Wagenplatz<\/strong><br \/>\nF\u00fcr Freitag werden zum musikalisch-literarischen Salon am Lagerfeuer noch Menschen gesucht, die ihre Texte lesen oder akustische Musik vortragen.<br \/>\nAm Samstag gibt es einen kleinen DIY-Markt mit Kunsthandwerk zum Kennenlernen und Selbermachen. Daf\u00fcr werden noch St\u00e4nde gesucht.<br \/>\nSamstag gibt es eine B\u00fchne, f\u00fcr die noch Bands gesucht werden.<\/p>\n<p><strong>Alte Fabrik<\/strong><br \/>\nDie Alte fabrik hat eine kleine B\u00fchne mit Licht, Nebenr\u00e4ume f\u00fcr Ausstellungen und bietet drau\u00dfen ein Lagerfeuer f\u00fcr akustische Musik.<\/p>\n<p><strong>Waldb\u00fchne<\/strong><br \/>\nDie Waldb\u00fchne sucht Bands und Kleinkunst von Akrobatik bis Feuerschows.<\/p>\n<p><strong>Ecke Nord<\/strong><br \/>\nDie Ecke Nord sucht f\u00fcr Freitag, Samstag und Sonntag noch Solok\u00fcnstler*innen.<\/p>\n<p><strong>Gesamtkomplex Bautzner Str. 6<\/strong><br \/>\nDort ist vieles m\u00f6glich (Ausstellungen, Musik etc.). Meldet euch dort einfach.<\/p>\n<p><strong>Blaue Fabrik<\/strong><br \/>\nR\u00e4ume f\u00fcr Ausstellungen und Konzerte und einen Garten mit B\u00fchne.<\/p>\n<p><strong>Geldschneider<\/strong><br \/>\nAuch hier gibt es Raum f\u00fcr Ausstellungen und Solomusik.<\/p>\n<h3>K\u00fcnstler*innen die noch Orte suchen<\/h3>\n<p>F\u00fcr die Kontaktdaten zu den einzelnen Menschen schreibt an <a href=\"mailto:programm@neustadt-art-festival.de\">programm@neustadt-art-festival.de<\/a>.<\/p>\n<p><strong>Theatergruppe<br \/>\n<\/strong>Die Theatergruppe sucht noch einen Raum mit ausreichender Gr\u00f6\u00dfe. Die Darbietung selbt ben\u00f6tigt min. 5x2m.<\/p>\n<p><strong>Live-H\u00f6rspiel<br \/>\n<\/strong>Das Live-H\u00f6rspiel sucht einen m\u00f6glichst quadratischen Raum. Es handelt sich hierbei um eine reine Stimmimprovisation. Das Publikum sitzt zentral und gem\u00fctlich aneinander gekuschelt auf Kissen auf der B\u00fchne, am Besten die Augen gesenkt oder gar geschlossen, und die Darsteller*innen spielen\/improvisieren die Story akustisch und permanent in Bewegung um das Publikum herum und hindurch.<\/p>\n<p><strong>Harfenimprovisation<br \/>\n<\/strong>Eine K\u00fcnstlerin sucht Orte f\u00fcr ihre Harfenimprovisation und k\u00f6nnte auch noch weitere K\u00fcnstler*innen mitbringen.<\/p>\n<p><strong>Band &#8220;ReBande&#8221;<br \/>\n<\/strong>&#8230; sucht Auftrittsm\u00f6glichkeiten am Freitag und Sonntag.<\/p>\n<p><strong>M\u00e4rchenerz\u00e4hler Frank-Ole Haake<br \/>\n<\/strong>&#8230; sucht ebenfalls Orte zum M\u00e4rchenerz\u00e4hlen.<\/p>\n<p><strong>Singersongwriterin Muzik Muzik<br \/>\n<\/strong>&#8230; sucht B\u00fchne.<\/p>\n<p><strong>Band Seau Volant<br \/>\n<\/strong>&#8230; sucht B\u00fchne: <a href=\"https:\/\/www.facebook.com\/SeauVolant\/\">https:\/\/www.facebook.com\/SeauVolant\/<\/a><\/p>\n<p><strong>Illustratorin Sarah Richter<br \/>\n<\/strong>&#8230; sucht Ausstellungsr\u00e4ume.<\/p>\n<h3>Orte mit Programm<\/h3>\n<p><strong>Scheunevorplatz<br \/>\n<\/strong>Auf dem Scheunevorplatz gibt es Actionpainting oder Zufallstechnikparcour, dazu Artjamming. Au\u00dferdem ist Kurzfilmkino in Planung.<\/p>\n<p><strong>Kunst unterm Dach<br \/>\n<\/strong>Mir liegen keine Infos vor, was passiert, mir wurde jedoch berichtet, das auf jeden Fall etwas passiert. \ud83d\ude42<\/p>\n<p><strong>Stadtteilhaus<br \/>\n<\/strong>Im Stadtteilhaus hat sich bereits ein Kollektiv niedergelassen und alle R\u00e4ume mit Ausstellungen bef\u00fcllt.<\/p>\n<h3>Projektschmiede bleibt Tr\u00e4ger<\/h3>\n<p>Die <a href=\"http:\/\/projektschmiede.net\">Projektschmiede<\/a> bleibt auch weiterhin Tr\u00e4ger des Neustadt Art Festivals. Das freut uns sehr, da wir die Projektschmiede m\u00f6gen.<\/p>\n","protected":false},"excerpt":{"rendered":"<p>Zweites Programmtreffen Ein zweites Programmtreffen ist f\u00fcr Dienstag, den 29. August, um 20 Uhr im Interrobang (Kamenzer Stra\u00dfe 15) geplant. Redaktionsschluss Programmheft Der Redaktionsschluss f\u00fcr das gedruckte Programmheft ist der 1. September! Veranstaltungen und Orte, die sp\u00e4ter dazusto\u00dfen, werden nat\u00fcrlich noch auf der Webseite und in der NAF-App zu finden sein. Orte, die noch K\u00fcnstler*innen [&hellip;]<\/p>\n","protected":false},"author":6,"featured_media":0,"comment_status":"open","ping_status":"open","sticky":false,"template":"","format":"standard","meta":{"footnotes":""},"categories":[1],"tags":[],"class_list":["post-572","post","type-post","status-publish","format-standard","hentry","category-news"],"_links":{"self":[{"href":"https:\/\/neustadt-art-festival.de\/en\/wp-json\/wp\/v2\/posts\/572","targetHints":{"allow":["GET"]}}],"collection":[{"href":"https:\/\/neustadt-art-festival.de\/en\/wp-json\/wp\/v2\/posts"}],"about":[{"href":"https:\/\/neustadt-art-festival.de\/en\/wp-json\/wp\/v2\/types\/post"}],"author":[{"embeddable":true,"href":"https:\/\/neustadt-art-festival.de\/en\/wp-json\/wp\/v2\/users\/6"}],"replies":[{"embeddable":true,"href":"https:\/\/neustadt-art-festival.de\/en\/wp-json\/wp\/v2\/comments?post=572"}],"version-history":[{"count":5,"href":"https:\/\/neustadt-art-festival.de\/en\/wp-json\/wp\/v2\/posts\/572\/revisions"}],"predecessor-version":[{"id":577,"href":"https:\/\/neustadt-art-festival.de\/en\/wp-json\/wp\/v2\/posts\/572\/revisions\/577"}],"wp:attachment":[{"href":"https:\/\/neustadt-art-festival.de\/en\/wp-json\/wp\/v2\/media?parent=572"}],"wp:term":[{"taxonomy":"category","embeddable":true,"href":"https:\/\/neustadt-art-festival.de\/en\/wp-json\/wp\/v2\/categories?post=572"},{"taxonomy":"post_tag","embeddable":true,"href":"https:\/\/neustadt-art-festival.de\/en\/wp-json\/wp\/v2\/tags?post=572"}],"curies":[{"name":"wp","href":"https:\/\/api.w.org\/{rel}","templated":true}]}}