{"id":6756,"date":"2023-07-17T15:36:47","date_gmt":"2023-07-17T13:36:47","guid":{"rendered":"https:\/\/neustadt-art-festival.de\/?p=6756"},"modified":"2023-07-17T15:38:20","modified_gmt":"2023-07-17T13:38:20","slug":"informationen-und-merkblatt","status":"publish","type":"post","link":"https:\/\/neustadt-art-festival.de\/en\/informationen-und-merkblatt\/","title":{"rendered":"Informationen und Merkblatt"},"content":{"rendered":"\n<p><strong>Liebe Orte, liebe K\u00fcnstler\u00b7innen,<\/strong><br>da uns aktuell immer wieder Fragen dar\u00fcber zugesendet werden, wie ihr euch am besten vernetzen k\u00f6nnt, hier nochmal ein paar Worte dazu:<br><br><strong>::K\u00fcnstler\u00b7innen::<\/strong><br>1. Am besten nutzt ihr unser <strong>BUNTES BRETT:<\/strong><em> <a rel=\"noreferrer noopener\" href=\"https:\/\/www.neustadt-art-festival.de\/buntesbrett\" target=\"_blank\">naf.li\/buntesbrett<\/a><\/em><br>Dort findet ihr bereits sehr viele K\u00fcnstler\u00b7innen die am NAF23 teilnehmen m\u00f6chten und ein paar erste Orte. Bitte schaut regelm\u00e4\u00dfig auf das Brett, denn es werden in der n\u00e4chsten Zeit viele weitere Orte und K\u00fcnstler\u00b7innen hinzukommen.<br><br>2. Vielleicht kennt ihr als K\u00fcnstler\u00b7in bereits einen Ort, der euch passend f\u00fcr euer Vorhaben erscheint. Hier ist eure Initiative gefragt: Gerade, wenn der Ort noch nicht auf dem Bunten Brett steht, kommt ihr am besten, ihr geht einfach hin und erz\u00e4hlt vom Neustadt Art Festival und euren Ideen. Auf diese Weise sind die letzten Jahre immer neue Orte hinzugekommen. Nur Mut! \ud83d\ude09<br><br>3. Vernetzt euch auch mit anderen K\u00fcnstler\u00b7innen. So findet ihr nicht nur Unterst\u00fctzung untereinander, ihr k\u00f6nnt auch von den Erfahrungen eurer Mitstreiter\u00b7innen profitierten. Vielleicht hat von diesen bereits jemand beim Neustadt Art Festival ausgestellt oder gespielt oder hat in diesem Jahr schon einen Ort gefunden.<br>Irgendjemand kennt vielleicht eine passende WG, ein Atelier, einen Dachboden, einen Hinterhof oder eine Bar&#8230;<br><br>4. <strong>KEINE PANIK<\/strong> &#8211; Die Vernetzungsphase geht gerade erst los. Erfahrungsgem\u00e4\u00df passiert das meiste Anfang\/Mitte August. Dennoch freuen wir uns, wenn ihr euch bereits jetzt findet.<br><br>Falls Orte vom Bunten Brett nicht zur\u00fcckschreiben, habt etwas Geduld. Viele sind zur Zeit noch im Sommerurlaub, andere haben so viel zu tun, dass sie sich jetzt noch keine Zeit f\u00fcr das NAF nehmen. Bisher kam es noch nie vor, dass ein Ort aus Desinteresse nicht geantwortet habt. Lasst euch also nicht verunsichern. Auch hier ist die sicherste Variante, pers\u00f6nlich bei den Orten vorbei zu schauen.<br><br>5. Untersch\u00e4tzt nicht, wie fruchtbar die Vernetzung zwischen verschiedenen Kunstrichtungen sein kann. Als bildende\u00b7r K\u00fcnstler\u00b7in schreibe auch gern die Musiker\u00b7innen an, bei denen du dir vorstellen kannst, dass sie zu deiner Kunst passen. Und auch andersherum, liebe SingerSongWriter und Bands!<br><br><br><strong>::ALLE::<\/strong><br><strong>Schaut auch in euren SPAM-Ordner.<\/strong> Mails von sowohl K\u00fcnstler\u00b7innen, als auch Orten landen ab und an im Junk. Auf diese Weise entstehen schnell Missverst\u00e4ndnisse oder &#8211; dieses Problem tauchte auch die letzten Jahre immer wieder auf &#8211; einige Ideen, Anfragen und Antworten tauchten erst nach dem NAF auf.<br><br>Weitere Fragen k\u00f6nnt ihr gern an <em><a href=\"mailto:programm@neustadt-art-festival.de\">programm@neustadt-art-festival.de<\/a><\/em> senden oder kommt zu unseren Orgarunden zum NAF.<br><br><strong><a href=\"https:\/\/wolke.kultopia.org\/index.php\/s\/sSJL9ewwk76LweL\" target=\"_blank\" rel=\"noreferrer noopener\">MERKBLATT ZUM DOWNLOAD<\/a><\/strong><br><\/p>\n\n\n\n<p><strong>N\u00c4CHSTE TERMINE<\/strong><br>23.07. | 16 Uhr &#8211; NAF-Orga-Treffen | Kollektiv Ateiler &#8211; Rudolf-Leonhard-Stra\u00dfe 19<br>06.08. | 16 Uhr &#8211; NAF-Orga-Treffen | Kollektiv Ateiler &#8211; Rudolf-Leonhard-Stra\u00dfe 19<br>27.08. | 16 Uhr &#8211; NAF-Orga-Treffen | Kollektiv Ateiler &#8211; Rudolf-Leonhard-Stra\u00dfe 19<br>01.09. | 00 Uhr &#8211; Einsendeschluss f\u00fcr die Printversion des NAF-Programmhefts<br>17.09. | 16 Uhr &#8211; letztes NAF-Orga-Treffen | Kollektiv Ateiler &#8211; Rudolf-Leonhard-Stra\u00dfe 19<br>22.09. &#8211; 24.09. &#8211; 12. Neustadt Art Festival 2023<\/p>\n\n\n\n<p>Wir w\u00fcnschen euch allen einen sch\u00f6nen Start in den Sommer und Freude beim Vernetzen!<\/p>\n\n\n\n<p>Liebe Gr\u00fc\u00dfe,<\/p>\n\n\n\n<p>Thomas &#038; Dine<\/p>\n","protected":false},"excerpt":{"rendered":"<p>Liebe Orte, liebe K\u00fcnstler\u00b7innen,da uns aktuell immer wieder Fragen dar\u00fcber zugesendet werden, wie ihr euch am besten vernetzen k\u00f6nnt, hier nochmal ein paar Worte dazu: ::K\u00fcnstler\u00b7innen::1. Am besten nutzt ihr unser BUNTES BRETT: naf.li\/buntesbrettDort findet ihr bereits sehr viele K\u00fcnstler\u00b7innen die am NAF23 teilnehmen m\u00f6chten und ein paar erste Orte. Bitte schaut regelm\u00e4\u00dfig auf das [&hellip;]<\/p>\n","protected":false},"author":4,"featured_media":0,"comment_status":"open","ping_status":"open","sticky":false,"template":"","format":"standard","meta":{"footnotes":""},"categories":[1],"tags":[],"class_list":["post-6756","post","type-post","status-publish","format-standard","hentry","category-news"],"_links":{"self":[{"href":"https:\/\/neustadt-art-festival.de\/en\/wp-json\/wp\/v2\/posts\/6756","targetHints":{"allow":["GET"]}}],"collection":[{"href":"https:\/\/neustadt-art-festival.de\/en\/wp-json\/wp\/v2\/posts"}],"about":[{"href":"https:\/\/neustadt-art-festival.de\/en\/wp-json\/wp\/v2\/types\/post"}],"author":[{"embeddable":true,"href":"https:\/\/neustadt-art-festival.de\/en\/wp-json\/wp\/v2\/users\/4"}],"replies":[{"embeddable":true,"href":"https:\/\/neustadt-art-festival.de\/en\/wp-json\/wp\/v2\/comments?post=6756"}],"version-history":[{"count":2,"href":"https:\/\/neustadt-art-festival.de\/en\/wp-json\/wp\/v2\/posts\/6756\/revisions"}],"predecessor-version":[{"id":6758,"href":"https:\/\/neustadt-art-festival.de\/en\/wp-json\/wp\/v2\/posts\/6756\/revisions\/6758"}],"wp:attachment":[{"href":"https:\/\/neustadt-art-festival.de\/en\/wp-json\/wp\/v2\/media?parent=6756"}],"wp:term":[{"taxonomy":"category","embeddable":true,"href":"https:\/\/neustadt-art-festival.de\/en\/wp-json\/wp\/v2\/categories?post=6756"},{"taxonomy":"post_tag","embeddable":true,"href":"https:\/\/neustadt-art-festival.de\/en\/wp-json\/wp\/v2\/tags?post=6756"}],"curies":[{"name":"wp","href":"https:\/\/api.w.org\/{rel}","templated":true}]}}