{"id":6841,"date":"2023-08-06T11:08:51","date_gmt":"2023-08-06T09:08:51","guid":{"rendered":"https:\/\/neustadt-art-festival.de\/?p=6841"},"modified":"2023-08-06T11:30:45","modified_gmt":"2023-08-06T09:30:45","slug":"crowdfunding","status":"publish","type":"post","link":"https:\/\/neustadt-art-festival.de\/en\/crowdfunding\/","title":{"rendered":"Crowdfunding"},"content":{"rendered":"<figure class=\"wp-block-embed-youtube wp-block-embed is-type-video is-provider-youtube wp-embed-aspect-16-9 wp-has-aspect-ratio\"><div class=\"lyte-wrapper\" title=\"12. Neustadt Art Festival Crowdfunding Video\" style=\"width:853px;max-width:100%;margin:5px auto;\"><div class=\"lyMe\" id=\"WYL_x326W_JKYV8\"><div id=\"lyte_x326W_JKYV8\" data-src=\"https:\/\/neustadt-art-festival.de\/wp-content\/plugins\/wp-youtube-lyte\/lyteCache.php?origThumbUrl=https%3A%2F%2Fi.ytimg.com%2Fvi%2Fx326W_JKYV8%2Fhqdefault.jpg\" class=\"pL\"><div class=\"tC\"><div class=\"tT\">12. Neustadt Art Festival Crowdfunding Video<\/div><\/div><div class=\"play\"><\/div><div class=\"ctrl\"><div class=\"Lctrl\"><\/div><div class=\"Rctrl\"><\/div><\/div><\/div><noscript><a href=\"https:\/\/youtu.be\/x326W_JKYV8\" rel=\"nofollow\"><img decoding=\"async\" src=\"https:\/\/neustadt-art-festival.de\/wp-content\/plugins\/wp-youtube-lyte\/lyteCache.php?origThumbUrl=https%3A%2F%2Fi.ytimg.com%2Fvi%2Fx326W_JKYV8%2F0.jpg\" alt=\"12. Neustadt Art Festival Crowdfunding Video\" width=\"853\" height=\"460\" \/><br \/>Watch this video on YouTube<\/a><\/noscript><\/div><\/div><div class=\"lL\" style=\"max-width:100%;width:853px;margin:5px auto;\"><br\/><span class=\"lyte_disclaimer\">Mit Klick auf den Play-Knopf erkl\u00e4rst du dich damit einverstanden, dass das Video geladen wird und Daten an YouTube und Google \u00fcbertragen werden.<\/span><\/div><figcaption><\/figcaption><\/figure>\n\n\n<p>Auch nach 11 Jahren leben wir den Traum eines <strong>unkommerziellen Kunst- und Kulturfestivals<\/strong>! Wir werden gemeinschaftlich kreativ sein, unbekannte Freir\u00e4ume entdecken und genre\u00fcbergreifende Vernetzung aller K\u00fcnstler\u00b7innen der Dresdner Neustadt und dar\u00fcber hinaus unterst\u00fctzen. Das <strong>Neustadt Art Festival<\/strong> findet dieses Jahr <strong>vom 22 bis 24. September<\/strong> statt.<\/p>\n\n\n\n<p><strong>Damit auch dieses Jahr unsere Subkultur erbl\u00fchen kann, brauchen wir eure Hilfe! <\/strong><\/p>\n\n\n\n<p><strong>UNTERST\u00dcTZEN<\/strong><br><a rel=\"noreferrer noopener\" href=\"https:\/\/www.startnext.com\/naf23\" target=\"_blank\"><strong>https:\/\/startnext.com\/naf23<\/strong><\/a><\/p>\n\n\n\n<p><strong>MUSIK<\/strong><br>Andi Valandi<\/p>\n","protected":false},"excerpt":{"rendered":"<p>Auch nach 11 Jahren leben wir den Traum eines unkommerziellen Kunst- und Kulturfestivals! Wir werden gemeinschaftlich kreativ sein, unbekannte Freir\u00e4ume entdecken und genre\u00fcbergreifende Vernetzung aller K\u00fcnstler\u00b7innen der Dresdner Neustadt und dar\u00fcber hinaus unterst\u00fctzen. Das Neustadt Art Festival findet dieses Jahr vom 22 bis 24. September statt. Damit auch dieses Jahr unsere Subkultur erbl\u00fchen kann, brauchen [&hellip;]<\/p>\n","protected":false},"author":4,"featured_media":0,"comment_status":"open","ping_status":"open","sticky":false,"template":"","format":"standard","meta":{"footnotes":""},"categories":[1],"tags":[],"class_list":["post-6841","post","type-post","status-publish","format-standard","hentry","category-news"],"_links":{"self":[{"href":"https:\/\/neustadt-art-festival.de\/en\/wp-json\/wp\/v2\/posts\/6841","targetHints":{"allow":["GET"]}}],"collection":[{"href":"https:\/\/neustadt-art-festival.de\/en\/wp-json\/wp\/v2\/posts"}],"about":[{"href":"https:\/\/neustadt-art-festival.de\/en\/wp-json\/wp\/v2\/types\/post"}],"author":[{"embeddable":true,"href":"https:\/\/neustadt-art-festival.de\/en\/wp-json\/wp\/v2\/users\/4"}],"replies":[{"embeddable":true,"href":"https:\/\/neustadt-art-festival.de\/en\/wp-json\/wp\/v2\/comments?post=6841"}],"version-history":[{"count":3,"href":"https:\/\/neustadt-art-festival.de\/en\/wp-json\/wp\/v2\/posts\/6841\/revisions"}],"predecessor-version":[{"id":6845,"href":"https:\/\/neustadt-art-festival.de\/en\/wp-json\/wp\/v2\/posts\/6841\/revisions\/6845"}],"wp:attachment":[{"href":"https:\/\/neustadt-art-festival.de\/en\/wp-json\/wp\/v2\/media?parent=6841"}],"wp:term":[{"taxonomy":"category","embeddable":true,"href":"https:\/\/neustadt-art-festival.de\/en\/wp-json\/wp\/v2\/categories?post=6841"},{"taxonomy":"post_tag","embeddable":true,"href":"https:\/\/neustadt-art-festival.de\/en\/wp-json\/wp\/v2\/tags?post=6841"}],"curies":[{"name":"wp","href":"https:\/\/api.w.org\/{rel}","templated":true}]}}