{"id":7671,"date":"2023-09-03T17:21:26","date_gmt":"2023-09-03T15:21:26","guid":{"rendered":"https:\/\/neustadt-art-festival.de\/?p=7671"},"modified":"2023-09-04T19:39:12","modified_gmt":"2023-09-04T17:39:12","slug":"noch","status":"publish","type":"post","link":"https:\/\/neustadt-art-festival.de\/en\/noch\/","title":{"rendered":"Noch 18 Tage bis zum NAF23!"},"content":{"rendered":"\n<p>Liebe Leute,<br><br>das <strong>12. Neustadt Art Festival<\/strong> r\u00fcckt n\u00e4her! Alle Teilnehmer\u00b7innen stehen in den Startl\u00f6chern und die letzten Handgriffe werden vorbereitet.<br><br><strong>Ihr wollt schon mal reinschnuppern?<\/strong> Auf <a rel=\"noreferrer noopener\" href=\"https:\/\/www.neustadt-art-festival.de\" target=\"_blank\"><strong>www.neustadt-art-festival.de<\/strong><\/a> gibt es schon allerhand an <strong>Programm <\/strong>zu sehen! Oder noch besser: Auf <a rel=\"noreferrer noopener\" href=\"https:\/\/naf.li\/app\" target=\"_blank\"><strong>https:\/\/naf.li\/app<\/strong><\/a> k\u00f6nnt ihr euch bereits mit unserer mobilen <strong>App <\/strong>vertraut machen \u2013 auf Deutsch und auf Englisch! Findet eure Lieblingslocations, informiert euch \u00fcber die teilnehmenden K\u00fcnstler\u00b7innen oder schaut euch einfach schon mal die Wege auf der Karte an. Nat\u00fcrlich k\u00f6nnt ihr das Programm auch nach Kategorien durchsuchen, z.B. Ausstellungen, Konzerte, Tanzen, Gespr\u00e4che, Kinder\u2026<br><\/p>\n\n\n\n<p>Damit am Ende niemand auf seinen Kosten sitzen bleibt und wir den ehrenamtlichen K\u00fcnstler\u00b7innen und Organisator\u00b7innen ihre Ausgaben erstatten k\u00f6nnen, braucht es weiterhin eure Unterst\u00fctzung! <strong>Spendet auf <a rel=\"noreferrer noopener\" href=\"https:\/\/naf.li\/cf\" target=\"_blank\">https:\/\/naf.li\/cf<\/a> und teilt unser Crowdfunding flei\u00dfig!<\/strong><\/p>\n\n\n\n<p><strong>Wir freuen uns auf euch!<\/strong><\/p>\n","protected":false},"excerpt":{"rendered":"<p>Liebe Leute, das 12. Neustadt Art Festival r\u00fcckt n\u00e4her! Alle Teilnehmer\u00b7innen stehen in den Startl\u00f6chern und die letzten Handgriffe werden vorbereitet. Ihr wollt schon mal reinschnuppern? Auf www.neustadt-art-festival.de gibt es schon allerhand an Programm zu sehen! Oder noch besser: Auf https:\/\/naf.li\/app k\u00f6nnt ihr euch bereits mit unserer mobilen App vertraut machen \u2013 auf Deutsch und [&hellip;]<\/p>\n","protected":false},"author":4,"featured_media":0,"comment_status":"open","ping_status":"open","sticky":false,"template":"","format":"standard","meta":{"footnotes":""},"categories":[1],"tags":[],"class_list":["post-7671","post","type-post","status-publish","format-standard","hentry","category-news"],"_links":{"self":[{"href":"https:\/\/neustadt-art-festival.de\/en\/wp-json\/wp\/v2\/posts\/7671","targetHints":{"allow":["GET"]}}],"collection":[{"href":"https:\/\/neustadt-art-festival.de\/en\/wp-json\/wp\/v2\/posts"}],"about":[{"href":"https:\/\/neustadt-art-festival.de\/en\/wp-json\/wp\/v2\/types\/post"}],"author":[{"embeddable":true,"href":"https:\/\/neustadt-art-festival.de\/en\/wp-json\/wp\/v2\/users\/4"}],"replies":[{"embeddable":true,"href":"https:\/\/neustadt-art-festival.de\/en\/wp-json\/wp\/v2\/comments?post=7671"}],"version-history":[{"count":4,"href":"https:\/\/neustadt-art-festival.de\/en\/wp-json\/wp\/v2\/posts\/7671\/revisions"}],"predecessor-version":[{"id":8182,"href":"https:\/\/neustadt-art-festival.de\/en\/wp-json\/wp\/v2\/posts\/7671\/revisions\/8182"}],"wp:attachment":[{"href":"https:\/\/neustadt-art-festival.de\/en\/wp-json\/wp\/v2\/media?parent=7671"}],"wp:term":[{"taxonomy":"category","embeddable":true,"href":"https:\/\/neustadt-art-festival.de\/en\/wp-json\/wp\/v2\/categories?post=7671"},{"taxonomy":"post_tag","embeddable":true,"href":"https:\/\/neustadt-art-festival.de\/en\/wp-json\/wp\/v2\/tags?post=7671"}],"curies":[{"name":"wp","href":"https:\/\/api.w.org\/{rel}","templated":true}]}}