{"id":9042,"date":"2024-07-01T11:04:21","date_gmt":"2024-07-01T09:04:21","guid":{"rendered":"https:\/\/neustadt-art-festival.de\/?p=9042"},"modified":"2024-07-02T13:21:31","modified_gmt":"2024-07-02T11:21:31","slug":"spendenvideo-dreh","status":"publish","type":"post","link":"https:\/\/neustadt-art-festival.de\/en\/spendenvideo-dreh\/","title":{"rendered":"Spendenvideo-Dreh"},"content":{"rendered":"<figure class=\"wp-block-embed-youtube wp-block-embed is-type-video is-provider-youtube wp-embed-aspect-16-9 wp-has-aspect-ratio\"><div class=\"lyte-wrapper\" title=\"R&uuml;ckblick zum Neustadt Art Festival 2023\" style=\"width:853px;max-width:100%;margin:5px auto;\"><div class=\"lyMe\" id=\"WYL_Kb6NwFAPK6U\"><div id=\"lyte_Kb6NwFAPK6U\" data-src=\"https:\/\/neustadt-art-festival.de\/wp-content\/plugins\/wp-youtube-lyte\/lyteCache.php?origThumbUrl=https%3A%2F%2Fi.ytimg.com%2Fvi%2FKb6NwFAPK6U%2Fhqdefault.jpg\" class=\"pL\"><div class=\"tC\"><div class=\"tT\">R\u00fcckblick zum Neustadt Art Festival 2023<\/div><\/div><div class=\"play\"><\/div><div class=\"ctrl\"><div class=\"Lctrl\"><\/div><div class=\"Rctrl\"><\/div><\/div><\/div><noscript><a href=\"https:\/\/youtu.be\/Kb6NwFAPK6U\" rel=\"nofollow\"><img decoding=\"async\" src=\"https:\/\/neustadt-art-festival.de\/wp-content\/plugins\/wp-youtube-lyte\/lyteCache.php?origThumbUrl=https%3A%2F%2Fi.ytimg.com%2Fvi%2FKb6NwFAPK6U%2F0.jpg\" alt=\"R&uuml;ckblick zum Neustadt Art Festival 2023\" width=\"853\" height=\"460\" \/><br \/>Watch this video on YouTube<\/a><\/noscript><\/div><\/div><div class=\"lL\" style=\"max-width:100%;width:853px;margin:5px auto;\"><br\/><span class=\"lyte_disclaimer\">Mit Klick auf den Play-Knopf erkl\u00e4rst du dich damit einverstanden, dass das Video geladen wird und Daten an YouTube und Google \u00fcbertragen werden.<\/span><\/div><figcaption><\/figcaption><\/figure>\n\n\n<p>Hey-Hey, liebe Kunstschaffenden und Kulturbegeisterte!<\/p>\n\n\n\n<p>Die Vorbereitungen f\u00fcr das diesj\u00e4hrige Festival laufen auf Hochtouren. Dabei bereiten wir nat\u00fcrlich nicht nur alle Infos f\u00fcr euch vor, sondern wollen auch unsere Geldt\u00f6pfe f\u00fcllen, damit die Auslagen aller K\u00fcnstler\u00b7innen auch dieses Jahr erstattet werden k\u00f6nnen. Wie jedes Jahr wird es auch in diesem wieder ein Spenden-Video geben, um ganz Dresden darauf aufmerksam zu machen. Und hier ist eure Stimme gefragt!<br><br>Am Dienstag, dem 02.07. zu unserem Kennenlern-Treff des Kollektivs, steht eine Kamera aufgebaut. Alle, die uns unterst\u00fctzen wollen, sind herzlich eingeladen ab 18:00 Uhr auf der Rudolf-Leonhard-Stra\u00dfe 19 zu uns zu sto\u00dfen und der Welt zu erkl\u00e4ren, weshalb das Neustadt Art Festival unterst\u00fctzenswert ist.<br>Wir freuen uns auf euch!<\/p>\n\n\n\n<p>Liebe Liebe,<br>das NAF-Orga-Team<\/p>\n","protected":false},"excerpt":{"rendered":"<p>Hey-Hey, liebe Kunstschaffenden und Kulturbegeisterte! Die Vorbereitungen f\u00fcr das diesj\u00e4hrige Festival laufen auf Hochtouren. Dabei bereiten wir nat\u00fcrlich nicht nur alle Infos f\u00fcr euch vor, sondern wollen auch unsere Geldt\u00f6pfe f\u00fcllen, damit die Auslagen aller K\u00fcnstler\u00b7innen auch dieses Jahr erstattet werden k\u00f6nnen. Wie jedes Jahr wird es auch in diesem wieder ein Spenden-Video geben, um [&hellip;]<\/p>\n","protected":false},"author":4,"featured_media":0,"comment_status":"open","ping_status":"open","sticky":false,"template":"","format":"standard","meta":{"footnotes":""},"categories":[1],"tags":[],"class_list":["post-9042","post","type-post","status-publish","format-standard","hentry","category-news"],"_links":{"self":[{"href":"https:\/\/neustadt-art-festival.de\/en\/wp-json\/wp\/v2\/posts\/9042","targetHints":{"allow":["GET"]}}],"collection":[{"href":"https:\/\/neustadt-art-festival.de\/en\/wp-json\/wp\/v2\/posts"}],"about":[{"href":"https:\/\/neustadt-art-festival.de\/en\/wp-json\/wp\/v2\/types\/post"}],"author":[{"embeddable":true,"href":"https:\/\/neustadt-art-festival.de\/en\/wp-json\/wp\/v2\/users\/4"}],"replies":[{"embeddable":true,"href":"https:\/\/neustadt-art-festival.de\/en\/wp-json\/wp\/v2\/comments?post=9042"}],"version-history":[{"count":2,"href":"https:\/\/neustadt-art-festival.de\/en\/wp-json\/wp\/v2\/posts\/9042\/revisions"}],"predecessor-version":[{"id":9055,"href":"https:\/\/neustadt-art-festival.de\/en\/wp-json\/wp\/v2\/posts\/9042\/revisions\/9055"}],"wp:attachment":[{"href":"https:\/\/neustadt-art-festival.de\/en\/wp-json\/wp\/v2\/media?parent=9042"}],"wp:term":[{"taxonomy":"category","embeddable":true,"href":"https:\/\/neustadt-art-festival.de\/en\/wp-json\/wp\/v2\/categories?post=9042"},{"taxonomy":"post_tag","embeddable":true,"href":"https:\/\/neustadt-art-festival.de\/en\/wp-json\/wp\/v2\/tags?post=9042"}],"curies":[{"name":"wp","href":"https:\/\/api.w.org\/{rel}","templated":true}]}}