{"id":957,"date":"2018-06-29T12:59:37","date_gmt":"2018-06-29T10:59:37","guid":{"rendered":"https:\/\/neustadt-art-festival.de\/?p=957"},"modified":"2018-06-29T12:59:37","modified_gmt":"2018-06-29T10:59:37","slug":"protokoll-vom-treffen-am-21-juli","status":"publish","type":"post","link":"https:\/\/neustadt-art-festival.de\/en\/protokoll-vom-treffen-am-21-juli\/","title":{"rendered":"Protokoll vom Treffen am 21. Juli"},"content":{"rendered":"<p>Der <a href=\"https:\/\/neustadt-art-festival.de\/call\/\">Aufruf<\/a> f\u00fcr dieses Jahr wird in den kommenden Wochen als Handzettel an die Haust\u00fcren in der Neustadt verteilt. Zus\u00e4tzlich steht dieser auf der Webseite und wird auf Facebook und Twitter verbreitet.<\/p>\n<p>Die Flyer und Plakate werden im Juli entworfen und sollten bis Ende Juli da sein.<br \/>\nZus\u00e4tzlich gibt es jetzt schon die allgemeinen Flyer, die im Interrobang auf der Kamenzer Stra\u00dfe 15 abgeholt werden k\u00f6nnen, meist so zwischen 12 und 16 Uhr.<\/p>\n<p>Im Finanzplan ist Geld f\u00fcr \u00dcbersetzungen (zumindest ins Englische) des Aufrufes und der Flyer eingeplant. Sobald der Flyertext steht, mache ich ein Paket fertig, was \u00fcbersetzt werden soll und schicke es \u00fcber diese Liste mit der Bitte, Angebote einzuholen.<\/p>\n<p>F\u00fcr die gro\u00dfen Treffen, die zur Vernetzung von K\u00fcnstler:innen und Orten dienen sollen, haben wir folgende Termine festgelegt:<br \/>\n&#8211; Mi, 22. August, 20:30 Uhr, Interobang (Kamenzer Stra\u00dfe 15)<br \/>\n&#8211; So, 16. September, 16:00 Uhr, Interobang (Kamenzer Stra\u00dfe 15)<\/p>\n","protected":false},"excerpt":{"rendered":"<p>Der Aufruf f\u00fcr dieses Jahr wird in den kommenden Wochen als Handzettel an die Haust\u00fcren in der Neustadt verteilt. Zus\u00e4tzlich steht dieser auf der Webseite und wird auf Facebook und Twitter verbreitet. Die Flyer und Plakate werden im Juli entworfen und sollten bis Ende Juli da sein. Zus\u00e4tzlich gibt es jetzt schon die allgemeinen Flyer, [&hellip;]<\/p>\n","protected":false},"author":6,"featured_media":0,"comment_status":"open","ping_status":"open","sticky":false,"template":"","format":"standard","meta":{"footnotes":""},"categories":[1],"tags":[],"class_list":["post-957","post","type-post","status-publish","format-standard","hentry","category-news"],"_links":{"self":[{"href":"https:\/\/neustadt-art-festival.de\/en\/wp-json\/wp\/v2\/posts\/957","targetHints":{"allow":["GET"]}}],"collection":[{"href":"https:\/\/neustadt-art-festival.de\/en\/wp-json\/wp\/v2\/posts"}],"about":[{"href":"https:\/\/neustadt-art-festival.de\/en\/wp-json\/wp\/v2\/types\/post"}],"author":[{"embeddable":true,"href":"https:\/\/neustadt-art-festival.de\/en\/wp-json\/wp\/v2\/users\/6"}],"replies":[{"embeddable":true,"href":"https:\/\/neustadt-art-festival.de\/en\/wp-json\/wp\/v2\/comments?post=957"}],"version-history":[{"count":1,"href":"https:\/\/neustadt-art-festival.de\/en\/wp-json\/wp\/v2\/posts\/957\/revisions"}],"predecessor-version":[{"id":960,"href":"https:\/\/neustadt-art-festival.de\/en\/wp-json\/wp\/v2\/posts\/957\/revisions\/960"}],"wp:attachment":[{"href":"https:\/\/neustadt-art-festival.de\/en\/wp-json\/wp\/v2\/media?parent=957"}],"wp:term":[{"taxonomy":"category","embeddable":true,"href":"https:\/\/neustadt-art-festival.de\/en\/wp-json\/wp\/v2\/categories?post=957"},{"taxonomy":"post_tag","embeddable":true,"href":"https:\/\/neustadt-art-festival.de\/en\/wp-json\/wp\/v2\/tags?post=957"}],"curies":[{"name":"wp","href":"https:\/\/api.w.org\/{rel}","templated":true}]}}